{"id":15899,"date":"2023-10-19T10:00:22","date_gmt":"2023-10-19T10:00:22","guid":{"rendered":"http:\/\/www.granitsbarbany.com\/?p=15899"},"modified":"2023-10-19T10:04:12","modified_gmt":"2023-10-19T10:04:12","slug":"utopia-lescultura-majestuosa-de-jaume-plensa","status":"publish","type":"post","link":"http:\/\/www.granitsbarbany.com\/ca\/utopia-lescultura-majestuosa-de-jaume-plensa\/","title":{"rendered":"&#8220;Utopia&#8221;, l&#8217;escultura majestuosa de Jaume Plensa al Frederik Meijer Gardens &#038; Sculpture Park"},"content":{"rendered":"<p>&nbsp;<\/p>\n<p><span style=\"font-weight: 400;\">L&#8217;estiu del 2018, vam rebre un enc\u00e0rrec molt engrescador, on haur\u00edem de donar el m\u00e0xim de nosaltres mateixos per a produir-lo i on podr\u00edem apreciar especialment l&#8217;ofici de picapedrer i gaudir\u00edem de l&#8217;oportunitat de formar part d&#8217;un projecte incre\u00efble, d\u2019aquells que arriben a tot el m\u00f3n. Aix\u00f2 \u00e9s particularment emocionant quan l&#8217;autor \u00e9s en Jaume Plensa, un dels artistes m\u00e9s destacats de l\u2019actualitat.<\/span><\/p>\n<p><span style=\"font-weight: 400;\">Amb \u201cUTOPIA\u201d, el prop\u00f2sit de l&#8217;artista \u00e9s simbolitzar la capacitat de la humanitat per compartir. Tal com explica ell mateix: &#8220;Utopia \u00e9s el nostre paisatge hum\u00e0, un espai per abra\u00e7ar la humanitat i els nostres somnis col\u00b7lectius&#8221;.<\/span><\/p>\n<p>&nbsp;<\/p>\n<blockquote><p><strong><i>&#8220;\u00c9s l&#8217;antic somni de poder conviure de manera civilitzada, ja que sembla ser molt dif\u00edcil crear espais de llibertat i llocs on compartir els somnis de tothom&#8221;. \u2013 Jaume Plensa<\/i><\/strong><\/p><\/blockquote>\n<p>&nbsp;<\/p>\n<p><span style=\"font-weight: 400;\">La cerim\u00f2nia d\u2019inauguraci\u00f3 i l&#8217;obertura al p\u00fablic es van dur a terme el 30 de novembre de 2021, al Frederik Meijer Gardens &amp; Sculpture Park, a Grand Rapids, Michigan (EUA).<\/span><\/p>\n<p><span style=\"font-weight: 400;\">Evidentment, no podem deixar de compartir com vam viure des de Barbany tot el proc\u00e9s de creaci\u00f3 d&#8217;aquesta obra i el que va significar per a nosaltres.<\/span><\/p>\n<p><span style=\"font-weight: 400;\">L&#8217;escultura, elegantment tallada amb marbre blanc, \u00e9s una col\u00b7lecci\u00f3 de quatre retrats de diferents or\u00edgens, Marianna (Catalunya), Julia (Pa\u00eds Basc), Laura (Xina) i Wilsis (Rep\u00fablica Dominicana) i que mesuren, cadascun d\u2019ells, 6,5 metres d\u2019alt i 26 metres de llarg. Aquests retrats reben els visitants a l&#8217;interior del Centre de Benvinguda dissenyat per Tod Williams i Billie Tsien.\u00a0<\/span><\/p>\n<p><img loading=\"lazy\" class=\"wp-image-15903 size-full aligncenter\" src=\"http:\/\/www.granitsbarbany.com\/wp-content\/uploads\/2023\/10\/GranitsBarbany_Plensa2.jpg\" alt=\"\" width=\"700\" height=\"525\" srcset=\"http:\/\/www.granitsbarbany.com\/wp-content\/uploads\/2023\/10\/GranitsBarbany_Plensa2.jpg 700w, http:\/\/www.granitsbarbany.com\/wp-content\/uploads\/2023\/10\/GranitsBarbany_Plensa2-300x225.jpg 300w\" sizes=\"(max-width: 700px) 100vw, 700px\" \/><\/p>\n<p><span style=\"font-weight: 400;\">En aquest cas, els rostres de l&#8217;escultura s&#8217;estenen horitzontalment, en contrast amb els caracter\u00edstics caps verticals de Jaume Plensa. Aix\u00f2 no \u00e9s una coincid\u00e8ncia. L&#8217;efecte busca transmetre una sensaci\u00f3 de paisatge per aconseguir que l&#8217;obra s\u2019integri amb l&#8217;entorn del parc i fusionar l&#8217;art amb la natura en un espai que transmet pau i serenitat.<\/span><\/p>\n<p><span style=\"font-weight: 400;\">El projecte &#8220;Utopia&#8221;, havia de ser amb un marbre blanc, molt pur, gaireb\u00e9 sense vetes, que no nom\u00e9s harmonitz\u00e9s amb l&#8217;arquitectura circumdant, sin\u00f3 que tamb\u00e9 ofer\u00eds un joc subtil de llum i ombra, enriquint encara m\u00e9s l&#8217;experi\u00e8ncia dels espectadors. &#8220;Utopia&#8221; \u00e9s la pe\u00e7a de major grand\u00e0ria que l\u2019artista ha signat en pedra i es van necessitar 400 tones de marbre blanc per materialitzar les 398 peces que ho componen.<\/span><\/p>\n<p><span style=\"font-weight: 400;\">Vam buscar aquest material arreu del m\u00f3n i, finalment, vam aconseguir localitzar-lo al Vietnam. L\u2019Arnau Barbany va viatjar-hi i durant 2 setmanes va escollir el marbre i la pedrera dins de les diferents existents.\u00a0<\/span><\/p>\n<p><img loading=\"lazy\" class=\"wp-image-15906 size-full aligncenter\" src=\"http:\/\/www.granitsbarbany.com\/wp-content\/uploads\/2023\/10\/GranitsBarbany_Plensa.jpg\" alt=\"\" width=\"700\" height=\"525\" srcset=\"http:\/\/www.granitsbarbany.com\/wp-content\/uploads\/2023\/10\/GranitsBarbany_Plensa.jpg 700w, http:\/\/www.granitsbarbany.com\/wp-content\/uploads\/2023\/10\/GranitsBarbany_Plensa-300x225.jpg 300w\" sizes=\"(max-width: 700px) 100vw, 700px\" \/><\/p>\n<p>&nbsp;<\/p>\n<p><span style=\"font-weight: 400;\">Despr\u00e9s de seleccionar els blocs de marbre m\u00e9s adequats, vam fer-los serrar a mida i transportar a Catalunya en 25 contenidors mar\u00edtims, el que va suposar mig any de proc\u00e9s.\u00a0<\/span><\/p>\n<p><span style=\"font-weight: 400;\">Un cop els vam rebre al nostre taller de Llinars del Vall\u00e8s, vam esculpir l&#8217;obra durant prop de 2 anys, un temps r\u00e8cord, tamb\u00e9 patint la pand\u00e8mia de la COVID entremig.<\/span><\/p>\n<p><span style=\"font-weight: 400;\">Per arribar al termini desitjat, i amb altres comandes en curs, com la Torre de Jesucrist de la Bas\u00edlica de la Sagrada Fam\u00edlia de Barcelona, v\u00e0rem haver d\u2019instal\u00b7lar 2 m\u00e0quines robotitzades exclusives per aquest projecte, a part de les que ja dispos\u00e0vem. V\u00e0rem utilitzar 2 talladores amb fil amb diamant de 5 eixos, 5 robots, 2 centres de treball de 5 eixos i una m\u00e0quina CNC de tall amb disc. Tamb\u00e9 van treballar-hi 10 artesans i 3 t\u00e8cnics.<\/span><\/p>\n<p><img loading=\"lazy\" class=\"wp-image-15900 size-full aligncenter\" src=\"http:\/\/www.granitsbarbany.com\/wp-content\/uploads\/2023\/10\/GranitsBarbany_Plensa3.jpg\" alt=\"\" width=\"700\" height=\"525\" srcset=\"http:\/\/www.granitsbarbany.com\/wp-content\/uploads\/2023\/10\/GranitsBarbany_Plensa3.jpg 700w, http:\/\/www.granitsbarbany.com\/wp-content\/uploads\/2023\/10\/GranitsBarbany_Plensa3-300x225.jpg 300w\" sizes=\"(max-width: 700px) 100vw, 700px\" \/><\/p>\n<p><span style=\"font-weight: 400;\">Per a certificar la qualitat del nostre treball, v\u00e0rem fer diferents presentacions parcials de l\u2019obra. Els t\u00e8cnics de Plensa, i el mateix artista, varen validar-ho a les seves visites setmanals al nostre taller.<\/span><\/p>\n<p><span style=\"font-weight: 400;\">Darrere d&#8217;aquest projecte hi ha un escultor \u00fanic, Jaume Plensa, i un equip de professionals excepcionals que han fet possible una obra de caracter\u00edstiques extraordin\u00e0ries.\u00a0<\/span><\/p>\n<p><span style=\"font-weight: 400;\">Per a tot l&#8217;equip de Barbany, ha estat un immens plaer viure aquesta aventura i agra\u00efm l&#8217;oportunitat de formar part d&#8217;una experi\u00e8ncia com aquesta. I particularment per l\u2019Arnau Barbany, que va gaudir de tots el passos del projecte: estudi i organitzaci\u00f3 de producci\u00f3, recerca i compra del marbre al Vietnam, producci\u00f3 a Barbany i instal\u00b7laci\u00f3 als EUA.<\/span><\/p>\n","protected":false},"excerpt":{"rendered":"<p>&nbsp; L&#8217;estiu del 2018, vam rebre un enc\u00e0rrec molt engrescador, on haur\u00edem de donar el m\u00e0xim de nosaltres mateixos per a produir-lo i on podr\u00edem apreciar especialment l&#8217;ofici de picapedrer i gaudir\u00edem de l&#8217;oportunitat de formar part d&#8217;un projecte incre\u00efble, [&hellip;]<\/p>\n","protected":false},"author":1,"featured_media":15917,"comment_status":"open","ping_status":"open","sticky":false,"template":"","format":"standard","meta":{"inline_featured_image":false},"categories":[1],"tags":[],"_links":{"self":[{"href":"http:\/\/www.granitsbarbany.com\/ca\/wp-json\/wp\/v2\/posts\/15899"}],"collection":[{"href":"http:\/\/www.granitsbarbany.com\/ca\/wp-json\/wp\/v2\/posts"}],"about":[{"href":"http:\/\/www.granitsbarbany.com\/ca\/wp-json\/wp\/v2\/types\/post"}],"author":[{"embeddable":true,"href":"http:\/\/www.granitsbarbany.com\/ca\/wp-json\/wp\/v2\/users\/1"}],"replies":[{"embeddable":true,"href":"http:\/\/www.granitsbarbany.com\/ca\/wp-json\/wp\/v2\/comments?post=15899"}],"version-history":[{"count":5,"href":"http:\/\/www.granitsbarbany.com\/ca\/wp-json\/wp\/v2\/posts\/15899\/revisions"}],"predecessor-version":[{"id":15920,"href":"http:\/\/www.granitsbarbany.com\/ca\/wp-json\/wp\/v2\/posts\/15899\/revisions\/15920"}],"wp:featuredmedia":[{"embeddable":true,"href":"http:\/\/www.granitsbarbany.com\/ca\/wp-json\/wp\/v2\/media\/15917"}],"wp:attachment":[{"href":"http:\/\/www.granitsbarbany.com\/ca\/wp-json\/wp\/v2\/media?parent=15899"}],"wp:term":[{"taxonomy":"category","embeddable":true,"href":"http:\/\/www.granitsbarbany.com\/ca\/wp-json\/wp\/v2\/categories?post=15899"},{"taxonomy":"post_tag","embeddable":true,"href":"http:\/\/www.granitsbarbany.com\/ca\/wp-json\/wp\/v2\/tags?post=15899"}],"curies":[{"name":"wp","href":"https:\/\/api.w.org\/{rel}","templated":true}]}}